{"id":17530,"date":"2015-10-22T22:00:00","date_gmt":"2015-10-22T22:00:00","guid":{"rendered":"http:\/\/www.padel-test.de\/padel-nachrichten\/mauricio-munoz-uber-das-chaos-vor-den-12-world-open-padel-championships-in-malaga\/"},"modified":"2022-10-21T14:17:39","modified_gmt":"2022-10-21T14:17:39","slug":"mauricio-munoz-malagadaki%cc%87-12-duenya-acik-padel-sampi%cc%87yonasi-oencesi%cc%87-kaos-hakkinda","status":"publish","type":"post","link":"https:\/\/www.padel-test.de\/tr\/padel-haberleri%cc%87\/mauricio-munoz-malagadaki%cc%87-12-duenya-acik-padel-sampi%cc%87yonasi-oencesi%cc%87-kaos-hakkinda\/","title":{"rendered":"Mauricio Mu\u00f1oz Malaga'daki 12. D\u00fcnya A\u00e7\u0131k Padel \u015eampiyonas\u0131 \u00f6ncesinde ya\u015fanan kaos hakk\u0131nda"},"content":{"rendered":"<p><strong>Gelen yorum\u00a0<span style=\"line-height: 20.8px;\">Mauricio Mu\u00f1oz, Malaga'daki D\u00fcnya A\u00e7\u0131k Padel \u015eampiyonas\u0131 \u00f6ncesinde ya\u015fanan karga\u015fa \u00fczerine:<\/span><\/strong><\/p>\n<p><em>&#8222;Ich m\u00f6chte gerne den schwierigen Moment, den die geselligste und unterhaltendste Sportart,<span style=\"line-height: 20.8px;\">\u00a0Padel,<\/span>\u00a0sadece deneyimledim, kelimelere. <\/em><\/p>\n<p><em>\u00d6ncelikle, \u00f6zellikle \u0130spanya d\u0131\u015f\u0131ndaki uluslararas\u0131 oyuncular i\u00e7in en \u00f6nemli yar\u0131\u015fman\u0131n bu \u015fekilde iptal edilmesinin kabul edilemez ve korkun\u00e7 oldu\u011funu belirtmek isterim. <\/em><\/p>\n<p><em>Uluslararas\u0131 Padel Federasyonu'nun d\u00fcnya \u00e7ap\u0131nda padel'i birle\u015ftirmek ve padel'i uluslararas\u0131 alanda tan\u0131tmak i\u00e7in kusursuz bir i\u015f \u00e7\u0131kard\u0131\u011f\u0131na inan\u0131yorum. Bel\u00e7ika, Almanya, \u0130svi\u00e7re ve Hollanda'dan (asl\u0131nda turnuvaya kat\u0131lmak isteyen) oyuncular\u0131n bunun nas\u0131l olabilece\u011fini anlamad\u0131klar\u0131n\u0131 ve mant\u0131kl\u0131 bir a\u00e7\u0131klamas\u0131 olmad\u0131\u011f\u0131n\u0131 s\u00f6ylediklerini duyuyorum.<\/em><\/p>\n<p><em>Bir kez daha, sporun geli\u015fimi kal\u0131c\u0131 ve onar\u0131lamaz bir \u015fekilde zarar g\u00f6r\u00fcyor:<br \/>\nBenim a\u00e7\u0131mdan en \u00f6nemli olan bir taraf var ki, o da yetkili ki\u015filerin bu uluslararas\u0131 yar\u0131\u015fmaya kat\u0131l\u0131m konusunda profesyonel oyuncularla anla\u015famamas\u0131. <\/em><\/p>\n<p><em>\u00d6te yandan, bir Alman, \u0130svi\u00e7reli, Hollandal\u0131 ya da Bel\u00e7ikal\u0131 oyuncunun bu yar\u0131\u015fmaya kat\u0131lma hayalini ger\u00e7ekle\u015ftirebilmek i\u00e7in i\u015finden izin almak zorunda kald\u0131\u011f\u0131n\u0131 ve bu yar\u0131\u015fmaya kat\u0131labilmek i\u00e7in para yat\u0131rd\u0131\u011f\u0131n\u0131 da anlamak zorundalar. <\/em><\/p>\n<p><em>Oyuncular, federasyonlar, markalar veya sporu temsil eden \u015firketler olsun, spordan sorumlu olanlar\u0131n mali \u00e7\u0131karlar\u0131n \u00f6tesine bakmas\u0131n\u0131 ve FIP ile birlikte padel'i birle\u015ftirmek ve herkesin spora koydu\u011fu g\u00fc\u00e7 ve tutkuya sayg\u0131 duymak i\u00e7in sinerjiler yarat\u0131lmas\u0131n\u0131 diliyorum. <\/em><\/p>\n<p><em>Weiterhin tr\u00e4ume ich davon, dass Padel auf der ganzen Welt gespielt wird, und eines Tages sogar olympische Disziplin wird. Ich hoffe, dass diejenigen, welche f\u00fcr die Absage des Turniers verantwortlich sind, von diesem Albtraum erwachen, welchen wir heute erleben mussten, und den irreparablen Schaden dieser Entscheidung versuchen zu reparieren!&#8220;<\/em><\/p>\n<p>\u0130spanyolcadan padel merakl\u0131s\u0131 Anita R\u00f6sler, Berlin taraf\u0131ndan \u00e7evrilmi\u015ftir - padel testi tepkisinden \u00e7ok te\u015fekk\u00fcrler!!!<\/p>\n<p><u>(\u0130spanyolca) orijinalinde:<\/u><\/p>\n<p><em>&#8222;Me gustaria expresar en estos momentos dificiles sobre el deporte mas social y divertido del mundo, el Padel.<\/em><\/p>\n<p><em>Padel'in uluslararas\u0131la\u015fmas\u0131 konusunda kendimizi geli\u015ftirmeye \u00e7al\u0131\u015fmak i\u00e7in, \u00f6zellikle \u0130spanya d\u0131\u015f\u0131ndaki bir\u00e7ok uluslararas\u0131 oyuncu i\u00e7in en \u00f6nemli m\u00fcsabakan\u0131n bu \u015fekilde ask\u0131ya al\u0131nmas\u0131 ya da iptal edilmesi \u00e7ok zor ve k\u00f6t\u00fc bir durum.<\/em><\/p>\n<p><em>Estoy convencido que la Federacion Internacional de Padel Esta haciendo una labor impecable a hora de unir el Padel mundial para que de la internacionalizacion sea una realidad.<\/em><\/p>\n<p><em>Belgica, Alemania, Suecia, Holanda gibi \u00fclkelerde yar\u0131\u015fmak isteyen ve Padel'de bunu nas\u0131l ba\u015farabileceklerini bilmediklerini s\u00f6yleyen sporculara, Padel'in geli\u015fimini ve uluslararas\u0131la\u015fmas\u0131n\u0131 onar\u0131lamaz bir \u015fekilde bir kez daha kaybettiren bu episodun mant\u0131kl\u0131 bir a\u00e7\u0131klamas\u0131n\u0131 bulamad\u0131klar\u0131n\u0131 s\u00f6yleyin.<\/em><\/p>\n<p><em>Bana g\u00f6re en \u00f6nemlisi, Campeonato del Mundo'ya kat\u0131l\u0131m konusunda profesyonel oyuncularla bir anla\u015fmaya var\u0131lamamas\u0131n\u0131n sorumlular\u0131n\u0131n, bir Alman, Sueco, Belga, Holandal\u0131 ve di\u011fer \u00fclkelerin oyuncular\u0131n\u0131 anlamalar\u0131 gerekti\u011fidir, d\u00fcnya \u00e7ap\u0131ndaki bir Campeonato'da en b\u00fcy\u00fck hayalleriyle haz\u0131r bulunabilmek i\u00e7in tatil g\u00fcnlerini kendi i\u015flerine ay\u0131rmak zorunda kald\u0131lar ve hepsi de bu \u00e7apta bir yar\u0131\u015fmada hayal edilebilecek en b\u00fcy\u00fck hayalle kat\u0131labilmek i\u00e7in bolsillo'lar\u0131ndan para \u00f6dediler.<\/em><\/p>\n<p><em>Yaln\u0131zca bu sporun bir\u00e7ok sorumlusunun, ister Padel ile ilgili sporcular, federasyonlar, markalar ve \u015firketler olsun, ekonomik \u00e7\u0131karlar\u0131n\u0131 daha fazla bir araya getirmelerini ve bir g\u00fcn Uluslararas\u0131 Padel Federasyonu ile birle\u015ferek tek bir Padel i\u00e7in t\u00fcm \u00e7\u0131karlar\u0131m\u0131z\u0131 bir araya getirmelerini istiyorum, Sa\u011fl\u0131kl\u0131 bir Padel i\u00e7in, ister sportif ister federatif olsun t\u00fcm y\u00f6nleriyle do\u011fru bir geli\u015fim g\u00f6steren bir Padel i\u00e7in ve hepimizin bir an olsun bu b\u00fcy\u00fck Deporte'ye adad\u0131\u011f\u0131m\u0131z yo\u011fun \u00e7aba ve ilgi i\u00e7in hepimiz birbirimize sayg\u0131 duyal\u0131m.<\/em><\/p>\n<p><em>Daha fazla s\u00f6ze gerek yok, sadece Padel'in d\u00fcnyan\u0131n her yerinde oynanabilir hale gelmesini ve bir g\u00fcn Olimpiyat sporu olmas\u0131n\u0131 diliyor ve bu yar\u0131\u015fman\u0131n ask\u0131ya al\u0131nmas\u0131n\u0131n sorumlular\u0131n\u0131n bug\u00fcn ya\u015fad\u0131\u011f\u0131m\u0131z ac\u0131dan kurtulmalar\u0131n\u0131 ve bu karar\u0131n telafisi m\u00fcmk\u00fcn olmayan zararlar\u0131n\u0131 telafi etmelerini umuyorum.<\/em><\/p>\n<p><em>saludo a todos&#8220;<\/em><\/p>\n<p>Mauricio Mu\u00f1oz<\/p>","protected":false},"excerpt":{"rendered":"<p>Mauricio Mu\u00f1oz, Malaga'daki D\u00fcnya A\u00e7\u0131k Padel \u015eampiyonas\u0131 \u00f6ncesinde ya\u015fanan karga\u015fay\u0131 yorumluyor: \"En sosyal ve e\u011flenceli spor olan padelin i\u00e7inden ge\u00e7ti\u011fi zor d\u00f6nemi kelimelerle ifade etmek istiyorum. \u00d6ncelikle, bunun dayan\u0131lmaz ve k\u00f6t\u00fc oldu\u011funu s\u00f6ylemek isterim...<\/p>","protected":false},"author":1,"featured_media":0,"comment_status":"open","ping_status":"open","sticky":false,"template":"","format":"standard","meta":{"_acf_changed":false,"_sitemap_exclude":false,"_sitemap_priority":"","_sitemap_frequency":"","_analytify_skip_tracking":false,"footnotes":""},"categories":[1],"tags":[],"sgg_keywords":[],"class_list":["post-17530","post","type-post","status-publish","format-standard","hentry","category-padel-news"],"acf":{"tweet":"","hinweis_an_redaktion":"","unternehmen":"","logo_unedited":""},"_links":{"self":[{"href":"https:\/\/www.padel-test.de\/tr\/wp-json\/wp\/v2\/posts\/17530","targetHints":{"allow":["GET"]}}],"collection":[{"href":"https:\/\/www.padel-test.de\/tr\/wp-json\/wp\/v2\/posts"}],"about":[{"href":"https:\/\/www.padel-test.de\/tr\/wp-json\/wp\/v2\/types\/post"}],"author":[{"embeddable":true,"href":"https:\/\/www.padel-test.de\/tr\/wp-json\/wp\/v2\/users\/1"}],"replies":[{"embeddable":true,"href":"https:\/\/www.padel-test.de\/tr\/wp-json\/wp\/v2\/comments?post=17530"}],"version-history":[{"count":0,"href":"https:\/\/www.padel-test.de\/tr\/wp-json\/wp\/v2\/posts\/17530\/revisions"}],"wp:attachment":[{"href":"https:\/\/www.padel-test.de\/tr\/wp-json\/wp\/v2\/media?parent=17530"}],"wp:term":[{"taxonomy":"category","embeddable":true,"href":"https:\/\/www.padel-test.de\/tr\/wp-json\/wp\/v2\/categories?post=17530"},{"taxonomy":"post_tag","embeddable":true,"href":"https:\/\/www.padel-test.de\/tr\/wp-json\/wp\/v2\/tags?post=17530"},{"taxonomy":"sgg_keywords","embeddable":true,"href":"https:\/\/www.padel-test.de\/tr\/wp-json\/wp\/v2\/sgg_keywords?post=17530"}],"curies":[{"name":"wp","href":"https:\/\/api.w.org\/{rel}","templated":true}]}}